{"id":2136,"date":"2021-09-10T11:53:25","date_gmt":"2021-09-10T08:53:25","guid":{"rendered":"https:\/\/evrenhelvaci.com\/?p=2136"},"modified":"2026-01-11T17:40:27","modified_gmt":"2026-01-11T17:40:27","slug":"burun-ameliyati-hangi-durumlarda-yapilir","status":"publish","type":"post","link":"https:\/\/www.evrenhelvaci.com\/en\/2021\/09\/10\/burun-ameliyati-hangi-durumlarda-yapilir\/","title":{"rendered":"Burun Ameliyat\u0131 Hangi Durumlarda Yap\u0131l\u0131r ?\u00a0"},"content":{"rendered":"<p><span style=\"font-weight: 400;\">Burun ameliyat\u0131, hem estetiksel nedenler hem de sa\u011fl\u0131ksal nedenler ile yap\u0131labilen bir operasyondur. Burun ucu kald\u0131rma, burun k\u00fc\u00e7\u00fcltme, burun kemi\u011finin al\u0131nmas\u0131 gibi operasyonlar g\u00fcn\u00fcm\u00fczde en \u00e7ok tercih edilen operasyonlard\u0131r.\u00a0<\/span><\/p>\n<p><span style=\"font-weight: 400;\">Y\u00fcz\u00fcn tam ortas\u0131nda yer alan ve en \u00e7ok dikkat \u00e7eken burun, bir\u00e7ok ki\u015fi i\u00e7in \u00f6zg\u00fcven eksikli\u011fine bile yol a\u00e7abiliyor. Hem estetiksel kayg\u0131n\u0131n \u00f6n\u00fcne ge\u00e7mek hem de burnun fonksiyonlar\u0131n\u0131 sa\u011fl\u0131k a\u00e7\u0131s\u0131ndan do\u011fru yerine getirebilmesi i\u00e7in burun ameliyat\u0131 do\u011fru ve kal\u0131c\u0131 bir tercihtir.\u00a0<\/span><\/p>\n<h2 style=\"font-size: 25px; font-weight: 600;\"><strong>Burun Ameliyat\u0131 Yap\u0131labilen Durumlar\u00a0<\/strong><\/h2>\n<ul>\n<li style=\"font-weight: 400;\" aria-level=\"1\"><span style=\"font-weight: 400;\">Burun i\u00e7i yap\u0131s\u0131n\u0131n bozuk oldu\u011fu ve nefes almay\u0131 engelleyecek durumlar<\/span><\/li>\n<li style=\"font-weight: 400;\" aria-level=\"1\"><span style=\"font-weight: 400;\">Burun yap\u0131s\u0131n\u0131n kemerli olmas\u0131\u00a0<\/span><\/li>\n<li style=\"font-weight: 400;\" aria-level=\"1\"><span style=\"font-weight: 400;\">Burun ucu yap\u0131s\u0131n\u0131n geni\u015f ve kal\u0131n bir yap\u0131da olmas\u0131\u00a0<\/span><\/li>\n<li style=\"font-weight: 400;\" aria-level=\"1\"><span style=\"font-weight: 400;\">Geni\u015f burun deli\u011fi ve dar burun deli\u011fi probleminin olmas\u0131<\/span><\/li>\n<li style=\"font-weight: 400;\" aria-level=\"1\"><span style=\"font-weight: 400;\">Burun ile y\u00fcz\u00fcn orant\u0131s\u0131z olmas\u0131\u00a0<\/span><\/li>\n<li style=\"font-weight: 400;\" aria-level=\"1\"><span style=\"font-weight: 400;\">Genetik b\u00fcy\u00fck buruna sahip olmak\u00a0<\/span><\/li>\n<li style=\"font-weight: 400;\" aria-level=\"1\"><span style=\"font-weight: 400;\">\u00d6nceden ge\u00e7irilmi\u015f yanl\u0131\u015f burun operasyonlar\u0131<\/span><\/li>\n<li style=\"font-weight: 400;\" aria-level=\"1\"><span style=\"font-weight: 400;\">Burun ucunun deforme olmas\u0131\u00a0<\/span><\/li>\n<li style=\"font-weight: 400;\" aria-level=\"1\"><span style=\"font-weight: 400;\">Burun i\u00e7erisinde et bulunmas\u0131\u00a0\u00a0<\/span><\/li>\n<\/ul>\n<p><span style=\"font-weight: 400;\">Yukar\u0131da belirtilen nedenlere sahip olan hastalar do\u011fru planlanm\u0131\u015f bir burun ameliyat\u0131 ile problemlerinden kurtulabilirler.\u00a0<\/span><\/p>\n<h2 style=\"font-size: 25px; font-weight: 600;\"><strong>\u0130kinci Kez Burun Ameliyat\u0131 Olabilir Mi ?\u00a0<\/strong><\/h2>\n<p><span style=\"font-weight: 400;\">Daha \u00f6nceden burun ameliyat\u0131 olunduysa anca sonu\u00e7 be\u011fenilmediyse revizyon ameliyat\u0131 olunabilmektedir. Sonucun be\u011fenilmemesinin yan\u0131 s\u0131ra ilk ameliyattan sonra ya\u015fanabilecek nefes problemleri i\u00e7in de revizyon burun ameliyat\u0131 tercih edilmektedir. Ancak ikinci burun ameliyat\u0131 ilkine g\u00f6re psikolojik olarak daha zor ge\u00e7ebilmektedir. Bu nedenle burun ameliyat\u0131 olaca\u011f\u0131n\u0131z doktorlar\u0131 iyice ara\u015ft\u0131rarak i\u015finde profesyonel ki\u015fileri se\u00e7meniz \u00f6nerilir. Do\u011fru bir ameliyat planlamas\u0131 yap\u0131lmas\u0131 olduk\u00e7a \u00f6nemlidir.\u00a0<\/span><\/p>\n<h2 style=\"font-size: 25px; font-weight: 600;\"><strong>Burun Ameliyat\u0131 Ne Zaman Yap\u0131labilir ?\u00a0<\/strong><\/h2>\n<p><span style=\"font-weight: 400;\">Burun ameliyat\u0131 yap\u0131labilmesi i\u00e7in bireyin kas geli\u015fimini tamamlamas\u0131 gerekmektedir. Sa\u011fl\u0131k ama\u00e7l\u0131 ve estetik ama\u00e7l\u0131 yap\u0131lan burun estetiklerinde burun k\u0131k\u0131rdak yap\u0131s\u0131nda ve kemik yap\u0131s\u0131nda baz\u0131 de\u011fi\u015fiklikler yap\u0131labilmektedir. Bu nedenle 18 ya\u015f\u0131ndan k\u00fc\u00e7\u00fck bireylere burun ameliyat\u0131 yap\u0131lmas\u0131 \u00f6nerilmez. Bununla birlikte aksi durumlarda yani ileri d\u00fczeyde nefes alma problemi ya\u015fayan \u00e7ocuklarda sa\u011fl\u0131kl\u0131 nefes alma d\u00fczeyinin artt\u0131r\u0131labilmesi i\u00e7in burun ameliyat\u0131 \u00e7\u00f6z\u00fcm olarak sunulabilmektedir.\u00a0<\/span><\/p>\n<h2 style=\"font-size: 25px; font-weight: 600;\"><strong>Burun Esteti\u011fi Sonras\u0131 S\u00fcre\u00e7\u00a0<\/strong><\/h2>\n<p><span style=\"font-weight: 400;\"><a href=\"https:\/\/www.evrenhelvaci.com\/en\/estetik-ameliyatlar\/burun-estetigi\/\">Burun esteti\u011fi<\/a> sonras\u0131 s\u00fcre\u00e7te doktor taraf\u0131ndan verilen y\u00f6nergelerin do\u011fru uygulanmas\u0131 olduk\u00e7a \u00f6nemlidir. Burun ameliyat\u0131ndan 1 hafta sonra hastalar g\u00fcnl\u00fck ya\u015famlar\u0131na burunlar\u0131na gelecek darbelere dikkat edecek \u015fekilde d\u00f6nebilerler.\u00a0 Ameliyattan sonra birka\u00e7 g\u00fcn burun t\u0131kan\u0131kl\u0131\u011f\u0131 ya\u015fanmas\u0131 ola\u011fan bir durumdur. Bununla birlikte ameliyattan sonra y\u00fczde olu\u015facak \u00f6dem ve morluklar 10 g\u00fcn i\u00e7erisinde azalarak ge\u00e7mektedir. Burunda olu\u015facak \u00f6dem ise 6 hafta i\u00e7erisinde yok olacakt\u0131r.\u00a0\u00a0<\/span><\/p>\n<p>&nbsp;<\/p>\n<p><strong>Yazar<\/strong>: <a href=\"https:\/\/www.evrenhelvaci.com\/en\/op-dr-evren-helvaci\/\">Op. Dr. Evren Helvac\u0131<\/a><\/p>\n\n    <div class=\"xs_social_share_widget xs_share_url after_content \t\tmain_content  wslu-style-1 wslu-share-box-shaped wslu-fill-colored wslu-none wslu-share-horizontal wslu-theme-font-no wslu-main_content\">\n\n\t\t\n        <ul>\n\t\t\t        <\/ul>\n    <\/div>","protected":false},"excerpt":{"rendered":"<p>Burun ameliyat\u0131, hem estetiksel nedenler hem de sa\u011fl\u0131ksal nedenler ile yap\u0131labilen bir operasyondur. Burun ucu kald\u0131rma, burun k\u00fc\u00e7\u00fcltme, burun kemi\u011finin al\u0131nmas\u0131 gibi operasyonlar g\u00fcn\u00fcm\u00fczde en \u00e7ok tercih edilen operasyonlard\u0131r.\u00a0 Y\u00fcz\u00fcn tam ortas\u0131nda yer alan ve en \u00e7ok dikkat \u00e7eken burun, bir\u00e7ok ki\u015fi i\u00e7in \u00f6zg\u00fcven eksikli\u011fine bile yol a\u00e7abiliyor. Hem estetiksel kayg\u0131n\u0131n \u00f6n\u00fcne ge\u00e7mek hem de burnun fonksiyonlar\u0131n\u0131 sa\u011fl\u0131k a\u00e7\u0131s\u0131ndan do\u011fru yerine getirebilmesi i\u00e7in burun ameliyat\u0131 do\u011fru ve kal\u0131c\u0131 bir tercihtir.\u00a0 Burun Ameliyat\u0131 Yap\u0131labilen Durumlar\u00a0 Burun i\u00e7i yap\u0131s\u0131n\u0131n bozuk oldu\u011fu ve nefes almay\u0131 engelleyecek durumlar Burun yap\u0131s\u0131n\u0131n kemerli olmas\u0131\u00a0 Burun ucu yap\u0131s\u0131n\u0131n geni\u015f ve kal\u0131n bir yap\u0131da olmas\u0131\u00a0 Geni\u015f burun deli\u011fi ve dar burun deli\u011fi probleminin olmas\u0131 Burun ile y\u00fcz\u00fcn orant\u0131s\u0131z olmas\u0131\u00a0 Genetik b\u00fcy\u00fck buruna sahip olmak\u00a0 \u00d6nceden ge\u00e7irilmi\u015f yanl\u0131\u015f burun operasyonlar\u0131 Burun ucunun deforme olmas\u0131\u00a0 Burun i\u00e7erisinde et bulunmas\u0131\u00a0\u00a0 Yukar\u0131da belirtilen nedenlere sahip olan hastalar do\u011fru planlanm\u0131\u015f bir burun ameliyat\u0131 ile problemlerinden kurtulabilirler.\u00a0 \u0130kinci Kez Burun Ameliyat\u0131 Olabilir Mi ?\u00a0 Daha \u00f6nceden burun ameliyat\u0131 olunduysa anca sonu\u00e7 be\u011fenilmediyse revizyon ameliyat\u0131 olunabilmektedir. Sonucun be\u011fenilmemesinin yan\u0131 s\u0131ra ilk ameliyattan sonra ya\u015fanabilecek nefes problemleri i\u00e7in de revizyon burun ameliyat\u0131 tercih edilmektedir. Ancak ikinci burun ameliyat\u0131 ilkine g\u00f6re psikolojik olarak daha zor ge\u00e7ebilmektedir. Bu nedenle burun ameliyat\u0131 olaca\u011f\u0131n\u0131z doktorlar\u0131 iyice ara\u015ft\u0131rarak i\u015finde profesyonel ki\u015fileri se\u00e7meniz \u00f6nerilir. Do\u011fru bir ameliyat planlamas\u0131 yap\u0131lmas\u0131 olduk\u00e7a \u00f6nemlidir.\u00a0 Burun Ameliyat\u0131 Ne Zaman Yap\u0131labilir ?\u00a0 Burun ameliyat\u0131 yap\u0131labilmesi i\u00e7in bireyin kas geli\u015fimini tamamlamas\u0131 gerekmektedir. Sa\u011fl\u0131k ama\u00e7l\u0131 ve estetik ama\u00e7l\u0131 yap\u0131lan burun estetiklerinde burun k\u0131k\u0131rdak yap\u0131s\u0131nda ve kemik yap\u0131s\u0131nda baz\u0131 de\u011fi\u015fiklikler yap\u0131labilmektedir. Bu nedenle 18 ya\u015f\u0131ndan k\u00fc\u00e7\u00fck bireylere burun ameliyat\u0131 yap\u0131lmas\u0131 \u00f6nerilmez. Bununla birlikte aksi durumlarda yani ileri d\u00fczeyde nefes alma problemi ya\u015fayan \u00e7ocuklarda sa\u011fl\u0131kl\u0131 nefes alma d\u00fczeyinin artt\u0131r\u0131labilmesi i\u00e7in burun ameliyat\u0131 \u00e7\u00f6z\u00fcm olarak sunulabilmektedir.\u00a0 Burun Esteti\u011fi Sonras\u0131 S\u00fcre\u00e7\u00a0 Burun esteti\u011fi sonras\u0131 s\u00fcre\u00e7te doktor taraf\u0131ndan verilen y\u00f6nergelerin do\u011fru uygulanmas\u0131 olduk\u00e7a \u00f6nemlidir. Burun ameliyat\u0131ndan 1 hafta sonra hastalar g\u00fcnl\u00fck ya\u015famlar\u0131na burunlar\u0131na gelecek darbelere dikkat edecek \u015fekilde d\u00f6nebilerler.\u00a0 Ameliyattan sonra birka\u00e7 g\u00fcn burun t\u0131kan\u0131kl\u0131\u011f\u0131 ya\u015fanmas\u0131 ola\u011fan bir durumdur. Bununla birlikte ameliyattan sonra y\u00fczde olu\u015facak \u00f6dem ve morluklar 10 g\u00fcn i\u00e7erisinde azalarak ge\u00e7mektedir. Burunda olu\u015facak \u00f6dem ise 6 hafta i\u00e7erisinde yok olacakt\u0131r.\u00a0\u00a0 &nbsp; Yazar: Op. Dr. Evren Helvac\u0131<\/p>","protected":false},"author":2,"featured_media":7615,"comment_status":"closed","ping_status":"open","sticky":false,"template":"","format":"standard","meta":{"_acf_changed":false,"footnotes":""},"categories":[36],"tags":[],"class_list":["post-2136","post","type-post","status-publish","format-standard","has-post-thumbnail","hentry","category-genel"],"acf":[],"_links":{"self":[{"href":"https:\/\/www.evrenhelvaci.com\/en\/wp-json\/wp\/v2\/posts\/2136","targetHints":{"allow":["GET"]}}],"collection":[{"href":"https:\/\/www.evrenhelvaci.com\/en\/wp-json\/wp\/v2\/posts"}],"about":[{"href":"https:\/\/www.evrenhelvaci.com\/en\/wp-json\/wp\/v2\/types\/post"}],"author":[{"embeddable":true,"href":"https:\/\/www.evrenhelvaci.com\/en\/wp-json\/wp\/v2\/users\/2"}],"replies":[{"embeddable":true,"href":"https:\/\/www.evrenhelvaci.com\/en\/wp-json\/wp\/v2\/comments?post=2136"}],"version-history":[{"count":1,"href":"https:\/\/www.evrenhelvaci.com\/en\/wp-json\/wp\/v2\/posts\/2136\/revisions"}],"predecessor-version":[{"id":13843,"href":"https:\/\/www.evrenhelvaci.com\/en\/wp-json\/wp\/v2\/posts\/2136\/revisions\/13843"}],"wp:featuredmedia":[{"embeddable":true,"href":"https:\/\/www.evrenhelvaci.com\/en\/wp-json\/"}],"wp:attachment":[{"href":"https:\/\/www.evrenhelvaci.com\/en\/wp-json\/wp\/v2\/media?parent=2136"}],"wp:term":[{"taxonomy":"category","embeddable":true,"href":"https:\/\/www.evrenhelvaci.com\/en\/wp-json\/wp\/v2\/categories?post=2136"},{"taxonomy":"post_tag","embeddable":true,"href":"https:\/\/www.evrenhelvaci.com\/en\/wp-json\/wp\/v2\/tags?post=2136"}],"curies":[{"name":"wp","href":"https:\/\/api.w.org\/{rel}","templated":true}]}}